{"id":875,"date":"2012-04-17T12:45:07","date_gmt":"2012-04-17T11:45:07","guid":{"rendered":"http:\/\/www.sokollibcice.cz\/wp\/?p=875"},"modified":"2012-04-17T13:46:05","modified_gmt":"2012-04-17T12:46:05","slug":"jsem-rad-za-kazdou-prilezitost","status":"publish","type":"post","link":"https:\/\/www.sokollibcice.cz\/hazena\/muzi\/jsem-rad-za-kazdou-prilezitost\/","title":{"rendered":"Jsem r\u00e1d za ka\u017edou p\u0159\u00edle\u017eitost"},"content":{"rendered":"<p><span style=\"font-family: Arial\">Pavel Mart\u00ednek pat\u0159\u00ed k\u00a0odchovanc\u016fm pra\u017esk\u00e9 Aritmy. Ve chv\u00edli, kdy se tento t\u00fdm p\u0159ed n\u011bkolika lety rozpadl, tak spolu s\u00a0dal\u0161\u00edmi spoluhr\u00e1\u010di p\u0159estoupil do Sokola Lib\u010dice. V\u00a0sou\u010dasn\u00e9 chv\u00edli je posledn\u00edm \u201eAritm\u00e1kem\u201c, kter\u00fd z\u016fstal v\u011brn\u00fd lib\u010dick\u00fdm barv\u00e1m a ty \u00fasp\u011b\u0161n\u011b reprezentoval tak\u00e9 ve stoln\u00edm tenise. Druholigov\u00e9 h\u00e1zen\u00e9 si v leto\u0161n\u00edm ro\u010dn\u00edku p\u0159\u00edli\u0161 neu\u017eil, proto\u017ee st\u0159\u00eddal zran\u011bn\u00ed a nemoci, ale te\u010f u\u017e mu nic nebr\u00e1n\u00ed, si v\u0161e vynahradit. To uk\u00e1zal pr\u00e1v\u011b v\u00a0z\u00e1pase s\u00a0Jabloncem, ve kter\u00e9m p\u0159\u00edkladn\u011b br\u00e1nil a vst\u0159elil tak\u00e9 dv\u011b branky. <\/span><\/p>\n<p><!--more--><\/p>\n<p><span style=\"font-family: Arial\">P\u00e1jo s\u00a0Jabloncem si vst\u0159elil sv\u00e9 prvn\u00ed branky v\u00a0leto\u0161n\u00edm ro\u010dn\u00edku. Ta posledn\u00ed nakonec rozhodla cel\u00e9 utk\u00e1n\u00ed, proto\u017ee n\u00e1s poslala do veden\u00ed 24:22. Div\u00e1k\u016fm se tak\u00e9 zamlouvala tvoje agresivn\u00ed obrana. Jak by si zhodnotil sv\u016fj v\u00fdkon a vystoupen\u00ed cel\u00e9ho t\u00fdmu?<br \/>\n<\/span><\/p>\n<p><em>Sebe bych rad\u0161i nehodnotil.Po dlouh\u00e9 dob\u011b byl vid\u011bt v\u00fdkon bez takov\u00fdch t\u011bch hluch\u00fdch pas\u00e1\u017e\u00ed kter\u00e9 dost \u010dasto m\u00e1me.Hra t\u00fdmu byla dobr\u00e1 jak v \u00fatoku tak v obran\u011b.Hodn\u011b bylo zn\u00e1t \u017ee se vr\u00e1til Luk\u00e1\u0161 W. Dob\u0159e zachytali oba brank\u00e1\u0159i.<\/em><br \/>\n<span style=\"font-family: Arial\"><br \/>\nSobotn\u00ed utk\u00e1n\u00ed jsi odehr\u00e1l na lev\u00e9m k\u0159\u00eddle, p\u0159itom t\u011b zn\u00e1me p\u0159edev\u0161\u00edm jako dravou spojku. Vyhovuje ti hra na k\u0159\u00eddla nebo je to pouze \u201enutn\u00e9 zlo\u201c?<\/span><\/p>\n<p><span style=\"font-family: Arial\"><em>No, ur\u010dit\u011b se tam nec\u00edt\u00edm tak dob\u0159e jako na spojce.Ve fin\u00e1le jsem ale r\u00e1d za ka\u017edou p\u0159\u00edle\u017eitost kterou dostanu a je jedno kde to je.<\/em><br \/>\n<\/span><\/p>\n<p><span style=\"font-family: Arial\">Dal\u0161\u00ed kolo n\u00e1s \u010dek\u00e1 \u017datec, kter\u00fd p\u0159ivezl senza\u010dn\u00ed v\u00edt\u011bzstv\u00ed z\u00a0\u00dast\u00ed a v\u00fdrazn\u011b se zapojil do boje o z\u00e1chranu. Jak vn\u00edm\u00e1\u0161 tento z\u00e1pas a co povede k\u00a0p\u0159\u00edpadn\u00e9mu \u00fasp\u011bchu? <\/span><\/p>\n<p><em>Pokud p\u0159edvedeme v\u00fdkon jako proti Jablonci tak si mysl\u00edm \u017ee n\u00e1s \u010dekaj\u00ed prvn\u00ed body z venkovn\u00edho utk\u00e1n\u00ed,kter\u00e9 by jsme mohli pak spl\u00e1chnout \u017dateckou 12%<\/em>.<\/p>\n","protected":false},"excerpt":{"rendered":"<p>Pavel Mart\u00ednek pat\u0159\u00ed k\u00a0odchovanc\u016fm pra\u017esk\u00e9 Aritmy. Ve chv\u00edli, kdy se tento t\u00fdm p\u0159ed n\u011bkolika lety rozpadl, tak spolu s\u00a0dal\u0161\u00edmi spoluhr\u00e1\u010di p\u0159estoupil do Sokola Lib\u010dice. V\u00a0sou\u010dasn\u00e9 chv\u00edli je posledn\u00edm \u201eAritm\u00e1kem\u201c, kter\u00fd z\u016fstal v\u011brn\u00fd lib\u010dick\u00fdm barv\u00e1m a ty \u00fasp\u011b\u0161n\u011b reprezentoval tak\u00e9 ve stoln\u00edm tenise. Druholigov\u00e9 h\u00e1zen\u00e9 si v leto\u0161n\u00edm ro\u010dn\u00edku p\u0159\u00edli\u0161 neu\u017eil, proto\u017ee st\u0159\u00eddal zran\u011bn\u00ed a nemoci, [&hellip;]<\/p>\n","protected":false},"author":3,"featured_media":0,"comment_status":"open","ping_status":"open","sticky":false,"template":"","format":"standard","meta":{"_monsterinsights_skip_tracking":false,"_monsterinsights_sitenote_active":false,"_monsterinsights_sitenote_note":"","_monsterinsights_sitenote_category":0,"jetpack_post_was_ever_published":false,"_jetpack_newsletter_access":"","_jetpack_dont_email_post_to_subs":false,"_jetpack_newsletter_tier_id":0,"_jetpack_memberships_contains_paywalled_content":false,"_jetpack_memberships_contains_paid_content":false,"footnotes":"","jetpack_publicize_message":"","jetpack_publicize_feature_enabled":true,"jetpack_social_post_already_shared":false,"jetpack_social_options":{"image_generator_settings":{"template":"highway","default_image_id":0,"font":"","enabled":false},"version":2}},"categories":[3],"tags":[28],"class_list":["post-875","post","type-post","status-publish","format-standard","hentry","category-muzi","tag-rozhovor"],"aioseo_notices":[],"jetpack_publicize_connections":[],"jetpack_featured_media_url":"","jetpack_sharing_enabled":true,"jetpack_shortlink":"https:\/\/wp.me\/p5OFQA-e7","amp_enabled":true,"_links":{"self":[{"href":"https:\/\/www.sokollibcice.cz\/hazena\/wp-json\/wp\/v2\/posts\/875","targetHints":{"allow":["GET"]}}],"collection":[{"href":"https:\/\/www.sokollibcice.cz\/hazena\/wp-json\/wp\/v2\/posts"}],"about":[{"href":"https:\/\/www.sokollibcice.cz\/hazena\/wp-json\/wp\/v2\/types\/post"}],"author":[{"embeddable":true,"href":"https:\/\/www.sokollibcice.cz\/hazena\/wp-json\/wp\/v2\/users\/3"}],"replies":[{"embeddable":true,"href":"https:\/\/www.sokollibcice.cz\/hazena\/wp-json\/wp\/v2\/comments?post=875"}],"version-history":[{"count":0,"href":"https:\/\/www.sokollibcice.cz\/hazena\/wp-json\/wp\/v2\/posts\/875\/revisions"}],"wp:attachment":[{"href":"https:\/\/www.sokollibcice.cz\/hazena\/wp-json\/wp\/v2\/media?parent=875"}],"wp:term":[{"taxonomy":"category","embeddable":true,"href":"https:\/\/www.sokollibcice.cz\/hazena\/wp-json\/wp\/v2\/categories?post=875"},{"taxonomy":"post_tag","embeddable":true,"href":"https:\/\/www.sokollibcice.cz\/hazena\/wp-json\/wp\/v2\/tags?post=875"}],"curies":[{"name":"wp","href":"https:\/\/api.w.org\/{rel}","templated":true}]}}