{"id":780,"date":"2012-03-08T15:19:07","date_gmt":"2012-03-08T14:19:07","guid":{"rendered":"http:\/\/www.sokollibcice.cz\/wp\/?p=780"},"modified":"2016-05-13T13:05:06","modified_gmt":"2016-05-13T12:05:06","slug":"s-pardubicemi-pujde-o-hodne","status":"publish","type":"post","link":"https:\/\/www.sokollibcice.cz\/hazena\/muzi\/s-pardubicemi-pujde-o-hodne\/","title":{"rendered":"S Pardubicemi p\u016fjde o hodn\u011b"},"content":{"rendered":"<p>Netradi\u010dn\u011b v ned\u011bli \u010dek\u00e1 lib\u010dick\u00e9 h\u00e1zenk\u00e1\u0159e dal\u0161\u00ed dom\u00e1c\u00ed st\u0159etnut\u00ed. Tentokr\u00e1te jim bude soupe\u0159em t\u00fdm 1.HC Pardubice, kter\u00fd v dosavadn\u00edm pr\u016fb\u011bhu cel\u00e9 sout\u011b\u017ee z\u00edskal 12 bod\u016f a je tak o pouh\u00e9 dva body p\u0159ed Lib\u010dicemi. Vzhledem k vyrovnanosti cel\u00e9ho st\u0159edu tabulky se jedn\u00e1 o dal\u0161\u00ed veled\u016fle\u017eit\u00fd z\u00e1pas. Po dvou t\u011bsn\u00fdch prohr\u00e1ch kone\u010dn\u011b chceme z\u00edskat dva body a proti Pardubic\u00edm to nen\u00ed nere\u00e1ln\u00e9.<\/p>\n<p><!--more-->Na podzim jsme s t\u00edmto soupe\u0159em v jeho nafukovac\u00ed hale prohr\u00e1li t\u011bsn\u011b. V polo\u010dase jsme dokonce vedli, ale soupe\u0159 zlep\u0161enou hrou v\u00fdvoj sk\u00f3re oto\u010dil. Pozor si budeme muset d\u00e1vat p\u0159edev\u0161\u00edm na nejlep\u0161\u00edho st\u0159elce cel\u00e9 sout\u011b\u017ee Skalick\u00e9ho, kter\u00fd je schopen st\u0159\u00edlet z prostoru lev\u00e9 spojky spoustu branek. Ostatn\u00ed hr\u00e1\u010di mu zdatn\u011b sekunduj\u00ed a nebezpe\u010dn\u00fd je tak\u00e9 na druh\u00e9 spojce dal\u0161\u00ed zku\u0161en\u00fd hr\u00e1\u010d Falt\u00fdsek.<br \/>\nDobrou zpr\u00e1vou je postupn\u00e9 uzdravov\u00e1n\u00ed \u201ech\u0159ipkov\u00fdch\u201c marod\u016f, kte\u0159\u00ed by ji\u017e m\u011bli b\u00fdt fit. Je\u0161t\u011b uvid\u00edme, jak na tom bude Lubo\u0161 Manda. Do sestavy se tak\u00e9 vr\u00e1t\u00ed Ma\u0165o Breyl, kter\u00fd ve Vr\u0161ovic\u00edch citeln\u011b chyb\u011bl. St\u00e1le budeme postr\u00e1dat Luk\u00e1\u0161e Weignera, kter\u00fd by se m\u011bl v p\u0159\u00ed\u0161t\u00edm t\u00fddnu podrobit artroskopii kolena a je re\u00e1ln\u00e9, \u017ee n\u00e1m v posledn\u00edch z\u00e1pasech sezony je\u0161t\u011b pom\u016f\u017ee na h\u0159i\u0161ti.<br \/>\nP\u0159ij\u010fte n\u00e1s v ned\u011bli od 16:00 podpo\u0159it v cest\u011b za dv\u011bma d\u016fle\u017eit\u00fdmi body!!!<\/p>\n<p>Pozv\u00e1nka na z\u00e1pas ve form\u00e1tu PDF:\u00a0<a href=\"http:\/\/www.sokollibcice.cz\/hazena\/wp-content\/uploads\/Pozv\u00e1nka-na-15.-kolo-2.-ligy-SV\u010c.pdf\" target=\"_blank\">Pozv\u00e1nka na 15. kolo 2. ligy SV\u010c<\/a><\/p>\n","protected":false},"excerpt":{"rendered":"<p>Netradi\u010dn\u011b v ned\u011bli \u010dek\u00e1 lib\u010dick\u00e9 h\u00e1zenk\u00e1\u0159e dal\u0161\u00ed dom\u00e1c\u00ed st\u0159etnut\u00ed. Tentokr\u00e1te jim bude soupe\u0159em t\u00fdm 1.HC Pardubice, kter\u00fd v dosavadn\u00edm pr\u016fb\u011bhu cel\u00e9 sout\u011b\u017ee z\u00edskal 12 bod\u016f a je tak o pouh\u00e9 dva body p\u0159ed Lib\u010dicemi. Vzhledem k vyrovnanosti cel\u00e9ho st\u0159edu tabulky se jedn\u00e1 o dal\u0161\u00ed veled\u016fle\u017eit\u00fd z\u00e1pas. Po dvou t\u011bsn\u00fdch prohr\u00e1ch kone\u010dn\u011b chceme z\u00edskat dva body [&hellip;]<\/p>\n","protected":false},"author":3,"featured_media":0,"comment_status":"open","ping_status":"open","sticky":false,"template":"","format":"standard","meta":{"_monsterinsights_skip_tracking":false,"_monsterinsights_sitenote_active":false,"_monsterinsights_sitenote_note":"","_monsterinsights_sitenote_category":0,"jetpack_post_was_ever_published":false,"_jetpack_newsletter_access":"","_jetpack_dont_email_post_to_subs":false,"_jetpack_newsletter_tier_id":0,"_jetpack_memberships_contains_paywalled_content":false,"_jetpack_memberships_contains_paid_content":false,"footnotes":"","jetpack_publicize_message":"","jetpack_publicize_feature_enabled":true,"jetpack_social_post_already_shared":false,"jetpack_social_options":{"image_generator_settings":{"template":"highway","default_image_id":0,"font":"","enabled":false},"version":2}},"categories":[3],"tags":[12,29],"class_list":["post-780","post","type-post","status-publish","format-standard","hentry","category-muzi","tag-liga","tag-pozvanka"],"aioseo_notices":[],"jetpack_publicize_connections":[],"jetpack_featured_media_url":"","jetpack_sharing_enabled":true,"jetpack_shortlink":"https:\/\/wp.me\/p5OFQA-cA","amp_enabled":true,"_links":{"self":[{"href":"https:\/\/www.sokollibcice.cz\/hazena\/wp-json\/wp\/v2\/posts\/780","targetHints":{"allow":["GET"]}}],"collection":[{"href":"https:\/\/www.sokollibcice.cz\/hazena\/wp-json\/wp\/v2\/posts"}],"about":[{"href":"https:\/\/www.sokollibcice.cz\/hazena\/wp-json\/wp\/v2\/types\/post"}],"author":[{"embeddable":true,"href":"https:\/\/www.sokollibcice.cz\/hazena\/wp-json\/wp\/v2\/users\/3"}],"replies":[{"embeddable":true,"href":"https:\/\/www.sokollibcice.cz\/hazena\/wp-json\/wp\/v2\/comments?post=780"}],"version-history":[{"count":1,"href":"https:\/\/www.sokollibcice.cz\/hazena\/wp-json\/wp\/v2\/posts\/780\/revisions"}],"predecessor-version":[{"id":2997,"href":"https:\/\/www.sokollibcice.cz\/hazena\/wp-json\/wp\/v2\/posts\/780\/revisions\/2997"}],"wp:attachment":[{"href":"https:\/\/www.sokollibcice.cz\/hazena\/wp-json\/wp\/v2\/media?parent=780"}],"wp:term":[{"taxonomy":"category","embeddable":true,"href":"https:\/\/www.sokollibcice.cz\/hazena\/wp-json\/wp\/v2\/categories?post=780"},{"taxonomy":"post_tag","embeddable":true,"href":"https:\/\/www.sokollibcice.cz\/hazena\/wp-json\/wp\/v2\/tags?post=780"}],"curies":[{"name":"wp","href":"https:\/\/api.w.org\/{rel}","templated":true}]}}