{"id":635,"date":"2012-01-16T17:53:49","date_gmt":"2012-01-16T16:53:49","guid":{"rendered":"http:\/\/www.sokollibcice.cz\/wp\/?p=635"},"modified":"2012-01-17T08:44:04","modified_gmt":"2012-01-17T07:44:04","slug":"za-prvni-pripravou-na-memorial-mily-koloce-do-usti","status":"publish","type":"post","link":"https:\/\/www.sokollibcice.cz\/hazena\/muzi\/za-prvni-pripravou-na-memorial-mily-koloce-do-usti\/","title":{"rendered":"Za prvn\u00ed p\u0159\u00edpravou na Memori\u00e1l M\u00edly Koloce do \u00dast\u00ed"},"content":{"rendered":"<p>V\u00a0sobotu 21. ledna se vyd\u00e1me do \u00dast\u00ed nad Labem, kde se kon\u00e1 ji\u017e 7. ro\u010dn\u00edk Memori\u00e1lu M\u00edly Koloce. Lib\u010di\u010dt\u00ed h\u00e1zenk\u00e1\u0159i se tohoto turnaje \u00fa\u010dastn\u00ed pot\u0159et\u00ed. P\u0159i sv\u00e9 prvn\u00ed \u00fa\u010dasti v\u00a0roce 2008 skon\u010dili na p\u011bkn\u00e9m 2. m\u00edst\u011b z\u00a0\u0161esti celk\u016f a v\u00a0roce 2011 skon\u010dili na 3. m\u00edst\u011b op\u011bt p\u0159i stejn\u00e9m po\u010dtu t\u00fdm\u016f.<!--more-->Leto\u0161n\u00edho ro\u010dn\u00edku se \u00fa\u010dastn\u00ed 6 t\u00fdm\u016f a zastoupen\u00ed je n\u00e1sleduj\u00edc\u00ed:<\/p>\n<ol>\n<li>Chemi\u010dka \u00dast\u00ed nad Labem \u201eA\u201c- 2. liga SV, 4. m\u00edsto<\/li>\n<li>Chemi\u010dka \u00dast\u00ed nad Labem \u201eB\u201c- Severo\u010desk\u00e1 liga, 6. m\u00edsto<\/li>\n<li>HC \u010cambavamba- Pra\u017esk\u00fd p\u0159ebor, 2. m\u00edsto<\/li>\n<li>HC Gymn\u00e1zium Sokolov- mu\u017estvo mu\u017e\u016f nep\u0159ihl\u00e1\u0161eno do sout\u011b\u017e\u00ed CHF (nebo se mi nepoda\u0159ilo naj\u00edt)<\/li>\n<li>Slavoj D\u011b\u010d\u00edn &#8211; Severo\u010desk\u00e1 liga, 4. m\u00edsto<\/li>\n<li>Sokol Lib\u010dice- \u00a02. liga SV, 7. m\u00edsto<\/li>\n<\/ol>\n<p>Rozlosov\u00e1n\u00ed z\u00e1pas\u016f Lib\u010dic:<\/p>\n<p>9:00-9:25 Chemi\u010dka \u201eB\u201c<\/p>\n<p>10:35-11:00 \u010cambavamba<\/p>\n<p>12:40-13:05 Sokolov<\/p>\n<p>14:15-14:40 D\u011b\u010d\u00edn<\/p>\n<p>15:50-16:15 Chemi\u010dka \u201eA\u201c<\/p>\n<p>16:30- slavnostn\u00ed zakon\u010den\u00ed<\/p>\n<p>M\u00edsto kon\u00e1n\u00ed:<\/p>\n<p>M\u00edsto kon\u00e1n\u00ed : Sportovn\u00ed hala TJ Spartak, Keplerova 800\/56, 400 07 \u00dast\u00ed nad Labem &#8211; Kr\u00e1sn\u00e9 B\u0159ezno<\/p>\n<p>Za Lib\u010dice by se turnaje m\u011blo \u00fa\u010dastnit 12 hr\u00e1\u010d\u016f (2 brank\u00e1\u0159i a 10 hr\u00e1\u010d\u016f do pole)- co\u017e je doufejme dostate\u010dn\u00fd a kone\u010dn\u00fd po\u010det. Bohu\u017eel velk\u00e9 mno\u017estv\u00ed hr\u00e1\u010d\u016f je st\u00e1le zran\u011bn\u00e9 a dal\u0161\u00ed pravideln\u011b p\u0159ib\u00fdvaj\u00ed. V\u00a0ned\u011bli si poranil kotn\u00edk Honza Novotn\u00fd a P\u00e1ja Mart\u00ednek pokra\u010duje ve smutn\u00e9 \u201ekrasoj\u00edzd\u011b\u201c pln\u00e9 nemoc\u00ed a zran\u011bn\u00edch. Pevn\u011b v\u011b\u0159\u00edm, \u017ee v\u00a0jeho p\u0159\u00edpad\u011b je vybr\u00e1no na hodn\u011b dlouho dop\u0159edu. Honza Podrou\u017eek a Milan Kiselica se omluvili z d\u016fvodu pracovn\u00edch. Pozitivem je alespo\u0148 \u201en\u00e1vrat\u201c Kuby Turka, kter\u00fd se zapojil do zimn\u00ed p\u0159\u00edpravy a zat\u00edm je jeho p\u0159\u00edstup p\u0159\u00edkladn\u00fd.<\/p>\n","protected":false},"excerpt":{"rendered":"<p>V\u00a0sobotu 21. ledna se vyd\u00e1me do \u00dast\u00ed nad Labem, kde se kon\u00e1 ji\u017e 7. ro\u010dn\u00edk Memori\u00e1lu M\u00edly Koloce. Lib\u010di\u010dt\u00ed h\u00e1zenk\u00e1\u0159i se tohoto turnaje \u00fa\u010dastn\u00ed pot\u0159et\u00ed. P\u0159i sv\u00e9 prvn\u00ed \u00fa\u010dasti v\u00a0roce 2008 skon\u010dili na p\u011bkn\u00e9m 2. m\u00edst\u011b z\u00a0\u0161esti celk\u016f a v\u00a0roce 2011 skon\u010dili na 3. m\u00edst\u011b op\u011bt p\u0159i stejn\u00e9m po\u010dtu t\u00fdm\u016f.<\/p>\n","protected":false},"author":3,"featured_media":0,"comment_status":"open","ping_status":"open","sticky":false,"template":"","format":"standard","meta":{"_monsterinsights_skip_tracking":false,"_monsterinsights_sitenote_active":false,"_monsterinsights_sitenote_note":"","_monsterinsights_sitenote_category":0,"jetpack_post_was_ever_published":false,"_jetpack_newsletter_access":"","_jetpack_dont_email_post_to_subs":false,"_jetpack_newsletter_tier_id":0,"_jetpack_memberships_contains_paywalled_content":false,"_jetpack_memberships_contains_paid_content":false,"footnotes":"","jetpack_publicize_message":"","jetpack_publicize_feature_enabled":true,"jetpack_social_post_already_shared":false,"jetpack_social_options":{"image_generator_settings":{"template":"highway","default_image_id":0,"font":"","enabled":false},"version":2}},"categories":[3],"tags":[25,16],"class_list":["post-635","post","type-post","status-publish","format-standard","hentry","category-muzi","tag-priprava","tag-turnaj"],"aioseo_notices":[],"jetpack_publicize_connections":[],"jetpack_featured_media_url":"","jetpack_sharing_enabled":true,"jetpack_shortlink":"https:\/\/wp.me\/p5OFQA-af","amp_enabled":true,"_links":{"self":[{"href":"https:\/\/www.sokollibcice.cz\/hazena\/wp-json\/wp\/v2\/posts\/635","targetHints":{"allow":["GET"]}}],"collection":[{"href":"https:\/\/www.sokollibcice.cz\/hazena\/wp-json\/wp\/v2\/posts"}],"about":[{"href":"https:\/\/www.sokollibcice.cz\/hazena\/wp-json\/wp\/v2\/types\/post"}],"author":[{"embeddable":true,"href":"https:\/\/www.sokollibcice.cz\/hazena\/wp-json\/wp\/v2\/users\/3"}],"replies":[{"embeddable":true,"href":"https:\/\/www.sokollibcice.cz\/hazena\/wp-json\/wp\/v2\/comments?post=635"}],"version-history":[{"count":0,"href":"https:\/\/www.sokollibcice.cz\/hazena\/wp-json\/wp\/v2\/posts\/635\/revisions"}],"wp:attachment":[{"href":"https:\/\/www.sokollibcice.cz\/hazena\/wp-json\/wp\/v2\/media?parent=635"}],"wp:term":[{"taxonomy":"category","embeddable":true,"href":"https:\/\/www.sokollibcice.cz\/hazena\/wp-json\/wp\/v2\/categories?post=635"},{"taxonomy":"post_tag","embeddable":true,"href":"https:\/\/www.sokollibcice.cz\/hazena\/wp-json\/wp\/v2\/tags?post=635"}],"curies":[{"name":"wp","href":"https:\/\/api.w.org\/{rel}","templated":true}]}}