{"id":4058,"date":"2020-10-05T08:00:00","date_gmt":"2020-10-05T07:00:00","guid":{"rendered":"https:\/\/www.sokollibcice.cz\/hazena\/?p=4058"},"modified":"2020-10-05T08:33:51","modified_gmt":"2020-10-05T07:33:51","slug":"omezeni-treninku-mladeze-s-ohledem-na-nouzovy-stav-a-nova-opatreni-vlady-cr","status":"publish","type":"post","link":"https:\/\/www.sokollibcice.cz\/hazena\/mladez\/omezeni-treninku-mladeze-s-ohledem-na-nouzovy-stav-a-nova-opatreni-vlady-cr\/","title":{"rendered":"Omezen\u00ed tr\u00e9nink\u016f ml\u00e1de\u017ee s ohledem na nouzov\u00fd stav a nov\u00e1 opat\u0159en\u00ed vl\u00e1dy \u010cR"},"content":{"rendered":"\n<p>Na z\u00e1klad\u011b <a href=\"https:\/\/www.vlada.cz\/cz\/media-centrum\/aktualne\/vlada-vyhlasila-na-uzemi-ceske-republiky-od-pondeli-nouzovy-stav-na-30-dnu--do-18--rijna-omezila-hromadne-akce-183879\/\" target=\"_blank\" rel=\"noreferrer noopener\">vyhl\u00e1\u0161en\u00ed <\/a>nouzov\u00e9 stavu a zaveden\u00ed nov\u00fdch opat\u0159en\u00ed:<\/p>\n\n\n\n<ul class=\"wp-block-list\"><li>maxim\u00e1ln\u011b 10 osob ve vnit\u0159n\u00edch prostor\u00e1ch,<\/li><li>maxim\u00e1ln\u011b 20 osob na venkovn\u00edm h\u0159i\u0161ti,<\/li><\/ul>\n\n\n\n<p>se veden\u00ed odd\u00edlu h\u00e1zen\u00e9 rozhodlo na n\u00e1sleduj\u00edc\u00edch 14 dn\u00ed <strong>do 18. 10. pozastavit <\/strong>v\u0161echny tr\u00e9ninky v kategorii <strong>p\u0159\u00edpravky <\/strong>(15 &#8211; 16 hod.)<strong> <\/strong>a <strong>mini\u017e\u00e1k\u016f <\/strong>(16 &#8211; 17 hod.)<strong>.<\/strong> Mlad\u0161\u00ed \u017e\u00e1ci pokra\u010duj\u00ed v tr\u00e9ninc\u00edch d\u00e1le s t\u00edm, \u017ee budeme vyu\u017e\u00edvat pouze venkovn\u00ed h\u0159i\u0161t\u011b s ohledem na aktu\u00e1ln\u00ed po\u010das\u00ed.<\/p>\n\n\n\n<p>Cel\u00e1 situace n\u00e1s net\u011b\u0161\u00ed a k omezen\u00ed p\u0159istupujeme opravdu neradi. Nicm\u00e9n\u011b je nutn\u00e9 dodr\u017eet v\u0161echna na\u0159\u00edzen\u00ed obvzl\u00e1\u0161t\u011b v re\u017eimu nouzov\u00e9ho stavu.<\/p>\n\n\n\n<p>Pouze odd\u00edl mlad\u0161\u00edch \u017e\u00e1k\u016f je ofici\u00e1ln\u011b p\u0159ihl\u00e1\u0161en do sout\u011b\u017ee a je mo\u017en\u00e9 tedy aplikovat v\u00fdjimku pro p\u0159\u00edpravu na sout\u011b\u017en\u00ed z\u00e1pas. Zva\u017eovali jsme zachovat tr\u00e9ninky pro men\u0161\u00ed kategorie alespo\u0148 venku, ale ani tam nejsme schopni dodr\u017eet omezen\u00ed t\u00fdkaj\u00edc\u00ed se po\u010dtu osob. Na posledn\u00edm tr\u00e9ninku bylo v kategorii p\u0159\u00edpravky na tr\u00e9ninku 26 d\u011bt\u00ed, u mini\u017e\u00e1k\u016f byl po\u010det men\u0161\u00ed, ale v\u010detn\u011b tren\u00e9r\u016f jsme rovn\u011b\u017e p\u0159es \u010d\u00e1ru. To v\u0161e bez logick\u00e9ho nav\u00fd\u0161en\u00ed p\u0159i prol\u00edn\u00e1n\u00ed jednoho kon\u010d\u00edc\u00edho tr\u00e9ninku a dal\u0161\u00edho za\u010d\u00ednaj\u00edc\u00edho. Po\u010das\u00ed se bohu\u017eel tak\u00e9 dle p\u0159edpov\u011bdi hor\u0161\u00ed, proto s ohledem na slo\u017eit\u011bj\u0161\u00ed zaji\u0161t\u011bn\u00ed hl\u00edd\u00e1n\u00ed a doprovod d\u011bt\u00ed nechceme tr\u00e9nink ru\u0161it na posledn\u00ed chv\u00edli.<\/p>\n\n\n\n<p>K tomuto rozhodnut\u00ed p\u0159istupujeme i p\u0159esto, \u017ee v sobotu jsme odehr\u00e1li dom\u00e1c\u00ed turnaj mlad\u0161\u00edch \u017e\u00e1k\u016f a v ned\u011bli si odbyli premi\u00e9ru v P\u0159\u00edbrami mini\u017e\u00e1ci. U obou kategori\u00ed je vid\u011bt obrovsk\u00fd progres a chu\u0165 do dal\u0161\u00edch tr\u00e9nink\u016f. Pros\u00edme tedy o pochopen\u00ed a pevn\u011b v\u011b\u0159\u00edme, \u017ee se b\u011bhem n\u00e1sleduj\u00edc\u00edch 14 dn\u00ed situace okolo COVID-19 uklidn\u00ed a vr\u00e1t\u00edme se zp\u011bt ke sportu. V p\u0159\u00edpad\u011b dotaz\u016f n\u00e1s nev\u00e1hejte kontaktovat.<\/p>\n\n\n\n<p class=\"has-text-align-right\">Veden\u00ed odd\u00edlu h\u00e1zen\u00e9 a tren\u00e9\u0159i ml\u00e1de\u017ee<\/p>\n\n\n","protected":false},"excerpt":{"rendered":"<p>Na z\u00e1klad\u011b vyhl\u00e1\u0161en\u00ed nouzov\u00e9 stavu a zaveden\u00ed nov\u00fdch opat\u0159en\u00ed: maxim\u00e1ln\u011b 10 osob ve vnit\u0159n\u00edch prostor\u00e1ch, maxim\u00e1ln\u011b 20 osob na venkovn\u00edm h\u0159i\u0161ti, se veden\u00ed odd\u00edlu h\u00e1zen\u00e9 rozhodlo na n\u00e1sleduj\u00edc\u00edch 14 dn\u00ed do 18. 10. pozastavit v\u0161echny tr\u00e9ninky v kategorii p\u0159\u00edpravky (15 &#8211; 16 hod.) a mini\u017e\u00e1k\u016f (16 &#8211; 17 hod.). Mlad\u0161\u00ed \u017e\u00e1ci pokra\u010duj\u00ed v tr\u00e9ninc\u00edch d\u00e1le [&hellip;]<\/p>\n","protected":false},"author":243,"featured_media":0,"comment_status":"open","ping_status":"open","sticky":false,"template":"","format":"standard","meta":{"_monsterinsights_skip_tracking":false,"_monsterinsights_sitenote_active":false,"_monsterinsights_sitenote_note":"","_monsterinsights_sitenote_category":0,"jetpack_post_was_ever_published":false,"_jetpack_newsletter_access":"","_jetpack_dont_email_post_to_subs":false,"_jetpack_newsletter_tier_id":0,"_jetpack_memberships_contains_paywalled_content":false,"_jetpack_memberships_contains_paid_content":false,"footnotes":"","jetpack_publicize_message":"Omezen\u00ed tr\u00e9nink\u016f ml\u00e1de\u017ee s ohledem na nouzov\u00fd stav a nov\u00e1 opat\u0159en\u00ed vl\u00e1dy \u010cR #covid-19 #ml\u00e1de\u017e #opat\u0159en\u00ed","jetpack_publicize_feature_enabled":true,"jetpack_social_post_already_shared":true,"jetpack_social_options":{"image_generator_settings":{"template":"highway","default_image_id":0,"font":"","enabled":false},"version":2}},"categories":[75],"tags":[103,105,104],"class_list":["post-4058","post","type-post","status-publish","format-standard","hentry","category-mladez","tag-covid-19","tag-mladez","tag-opatreni"],"aioseo_notices":[],"jetpack_publicize_connections":[],"jetpack_featured_media_url":"","jetpack_sharing_enabled":true,"jetpack_shortlink":"https:\/\/wp.me\/p5OFQA-13s","amp_enabled":true,"_links":{"self":[{"href":"https:\/\/www.sokollibcice.cz\/hazena\/wp-json\/wp\/v2\/posts\/4058","targetHints":{"allow":["GET"]}}],"collection":[{"href":"https:\/\/www.sokollibcice.cz\/hazena\/wp-json\/wp\/v2\/posts"}],"about":[{"href":"https:\/\/www.sokollibcice.cz\/hazena\/wp-json\/wp\/v2\/types\/post"}],"author":[{"embeddable":true,"href":"https:\/\/www.sokollibcice.cz\/hazena\/wp-json\/wp\/v2\/users\/243"}],"replies":[{"embeddable":true,"href":"https:\/\/www.sokollibcice.cz\/hazena\/wp-json\/wp\/v2\/comments?post=4058"}],"version-history":[{"count":2,"href":"https:\/\/www.sokollibcice.cz\/hazena\/wp-json\/wp\/v2\/posts\/4058\/revisions"}],"predecessor-version":[{"id":4061,"href":"https:\/\/www.sokollibcice.cz\/hazena\/wp-json\/wp\/v2\/posts\/4058\/revisions\/4061"}],"wp:attachment":[{"href":"https:\/\/www.sokollibcice.cz\/hazena\/wp-json\/wp\/v2\/media?parent=4058"}],"wp:term":[{"taxonomy":"category","embeddable":true,"href":"https:\/\/www.sokollibcice.cz\/hazena\/wp-json\/wp\/v2\/categories?post=4058"},{"taxonomy":"post_tag","embeddable":true,"href":"https:\/\/www.sokollibcice.cz\/hazena\/wp-json\/wp\/v2\/tags?post=4058"}],"curies":[{"name":"wp","href":"https:\/\/api.w.org\/{rel}","templated":true}]}}