{"id":1995,"date":"2014-01-23T13:32:28","date_gmt":"2014-01-23T12:32:28","guid":{"rendered":"http:\/\/www.sokollibcice.cz\/wp\/?p=1995"},"modified":"2014-01-24T17:10:23","modified_gmt":"2014-01-24T16:10:23","slug":"pripravne-zapasy-na-jaro-2014","status":"publish","type":"post","link":"https:\/\/www.sokollibcice.cz\/hazena\/muzi\/pripravne-zapasy-na-jaro-2014\/","title":{"rendered":"P\u0159\u00edpravn\u00e9 z\u00e1pasy na jaro 2014"},"content":{"rendered":"<p dir=\"ltr\">Po letech zaveden\u00e9 praxe se veden\u00ed t\u00fdmu rozhodlo pojmout zimn\u00ed p\u0159\u00edpravu zcela jin\u00fdm stylem.\u00a0 A to nejen zm\u011bnou samotn\u00e9 zimn\u00ed p\u0159\u00edpravy, kde nyn\u00ed klademe velk\u00fd d\u016fraz na spolupr\u00e1ci a \u00a0vz\u00e1jemnou souhru, a to v\u017edy s m\u00ed\u010dem.\u00a0 Z\u00e1rove\u0148 se zm\u011bnil i p\u0159\u00edstup k v\u00fdb\u011bru p\u0159\u00edpravn\u00fdch z\u00e1pas\u016f.\u00a0 V minul\u00fdch letech jsme se v\u017edy \u00fa\u010dastnily dvou turnaj\u016f a p\u0159\u00edpravn\u00e1 utk\u00e1n\u00ed v podstat\u011b nehr\u00e1li. Nyn\u00ed je v\u0161e jinak a v nejbli\u017e\u0161\u00edch 14 dnech p\u0159ed zah\u00e1jen\u00edm jarn\u00ed \u010d\u00e1sti sehrajeme nejm\u00e9n\u011b 3 p\u0159\u00e1telsk\u00e1 utk\u00e1n\u00ed.<!--more--><\/p>\n<p dir=\"ltr\">\u010cekaj\u00ed na n\u00e1s velmi kvalitn\u00ed soupe\u0159i:<\/p>\n<div>31. ledna od 19:30 Star\u00fd Plzenec 2.liga JZ (hala V\u0160 Plze\u0148)<\/div>\n<div>5. \u00fanora od 20:30 Chodov 1.liga (hala Sokol Vr\u0161ovice)<\/div>\n<div>7. \u00fanora od 18:30 kombinovan\u00fd t\u00fdm N\u00e1choda (1. liga)<\/div>\n<div><\/div>\n<p dir=\"ltr\">V\u0161e sm\u011b\u0159ujeme k prvn\u00edmu dom\u00e1c\u00edmu utk\u00e1n\u00ed, hran\u00e9mu 15.2.2014 v 17 hodin v B\u0159v\u00edch, kde se u\u017e t\u011b\u0161\u00edme na nov\u00e1\u010dka ligy &#8211; t\u00fdm Liberce.<\/p>\n","protected":false},"excerpt":{"rendered":"<p>Po letech zaveden\u00e9 praxe se veden\u00ed t\u00fdmu rozhodlo pojmout zimn\u00ed p\u0159\u00edpravu zcela jin\u00fdm stylem.\u00a0 A to nejen zm\u011bnou samotn\u00e9 zimn\u00ed p\u0159\u00edpravy, kde nyn\u00ed klademe velk\u00fd d\u016fraz na spolupr\u00e1ci a \u00a0vz\u00e1jemnou souhru, a to v\u017edy s m\u00ed\u010dem.\u00a0 Z\u00e1rove\u0148 se zm\u011bnil i p\u0159\u00edstup k v\u00fdb\u011bru p\u0159\u00edpravn\u00fdch z\u00e1pas\u016f.\u00a0 V minul\u00fdch letech jsme se v\u017edy \u00fa\u010dastnily dvou turnaj\u016f a [&hellip;]<\/p>\n","protected":false},"author":242,"featured_media":0,"comment_status":"open","ping_status":"open","sticky":false,"template":"","format":"standard","meta":{"_monsterinsights_skip_tracking":false,"_monsterinsights_sitenote_active":false,"_monsterinsights_sitenote_note":"","_monsterinsights_sitenote_category":0,"jetpack_post_was_ever_published":false,"_jetpack_newsletter_access":"","_jetpack_dont_email_post_to_subs":false,"_jetpack_newsletter_tier_id":0,"_jetpack_memberships_contains_paywalled_content":false,"_jetpack_memberships_contains_paid_content":false,"footnotes":"","jetpack_publicize_message":"","jetpack_publicize_feature_enabled":true,"jetpack_social_post_already_shared":false,"jetpack_social_options":{"image_generator_settings":{"template":"highway","default_image_id":0,"font":"","enabled":false},"version":2}},"categories":[3],"tags":[25],"class_list":["post-1995","post","type-post","status-publish","format-standard","hentry","category-muzi","tag-priprava"],"aioseo_notices":[],"jetpack_publicize_connections":[],"jetpack_featured_media_url":"","jetpack_sharing_enabled":true,"jetpack_shortlink":"https:\/\/wp.me\/p5OFQA-wb","amp_enabled":true,"_links":{"self":[{"href":"https:\/\/www.sokollibcice.cz\/hazena\/wp-json\/wp\/v2\/posts\/1995","targetHints":{"allow":["GET"]}}],"collection":[{"href":"https:\/\/www.sokollibcice.cz\/hazena\/wp-json\/wp\/v2\/posts"}],"about":[{"href":"https:\/\/www.sokollibcice.cz\/hazena\/wp-json\/wp\/v2\/types\/post"}],"author":[{"embeddable":true,"href":"https:\/\/www.sokollibcice.cz\/hazena\/wp-json\/wp\/v2\/users\/242"}],"replies":[{"embeddable":true,"href":"https:\/\/www.sokollibcice.cz\/hazena\/wp-json\/wp\/v2\/comments?post=1995"}],"version-history":[{"count":0,"href":"https:\/\/www.sokollibcice.cz\/hazena\/wp-json\/wp\/v2\/posts\/1995\/revisions"}],"wp:attachment":[{"href":"https:\/\/www.sokollibcice.cz\/hazena\/wp-json\/wp\/v2\/media?parent=1995"}],"wp:term":[{"taxonomy":"category","embeddable":true,"href":"https:\/\/www.sokollibcice.cz\/hazena\/wp-json\/wp\/v2\/categories?post=1995"},{"taxonomy":"post_tag","embeddable":true,"href":"https:\/\/www.sokollibcice.cz\/hazena\/wp-json\/wp\/v2\/tags?post=1995"}],"curies":[{"name":"wp","href":"https:\/\/api.w.org\/{rel}","templated":true}]}}