{"id":1581,"date":"2013-09-04T10:40:56","date_gmt":"2013-09-04T09:40:56","guid":{"rendered":"http:\/\/www.sokollibcice.cz\/wp\/?p=1581"},"modified":"2013-09-04T10:46:35","modified_gmt":"2013-09-04T09:46:35","slug":"soupiska-pro-sezonu-2013-2014","status":"publish","type":"post","link":"https:\/\/www.sokollibcice.cz\/hazena\/muzi\/soupiska-pro-sezonu-2013-2014\/","title":{"rendered":"Soupiska pro sezonu 2013-2014"},"content":{"rendered":"<p>K\u00a0posledn\u00edmu srpnov\u00e9mu dni byl uzav\u0159en term\u00edn pro p\u0159estupy a hostov\u00e1n\u00ed. Proto je na \u010dase sezn\u00e1mit v\u0161echny p\u0159\u00edznivce lib\u010dick\u00e9 h\u00e1zen\u00e9 se sestavou pro leto\u0161n\u00ed ro\u010dn\u00edk 2. ligy\u2026.<\/p>\n<p><!--more--><\/p>\n<p>Breyl\u00a0\u00a0\u00a0\u00a0 \u00a0 \u00a0\u00a0Martin \u2013tren\u00e9r, p\u0159estup Dukla Praha<\/p>\n<p>Breyl\u00a0\u00a0\u00a0\u00a0 \u00a0\u00a0\u00a0Peter \u2013nov\u011b registrov\u00e1n<\/p>\n<p>\u010ces\u00e1k\u00a0\u00a0\u00a0 \u00a0\u00a0\u00a0Petr<\/p>\n<p>Doubek\u00a0 \u00a0\u00a0Martin<\/p>\n<p>Gebauer\u00a0\u00a0 Josef \u2013 hostov\u00e1n\u00ed \u010cambavamba<\/p>\n<p>Hora\u00a0\u00a0\u00a0\u00a0\u00a0 \u00a0\u00a0 V\u00e1clav \u2013limitovan\u00fd p\u0159estup P\u00edsek<\/p>\n<p>Horej\u0161\u00a0 \u00a0\u00a0 Michal \u2013hostov\u00e1n\u00ed T\u0159emo\u0161n\u00e1<\/p>\n<p>Hyke\u0161\u00a0\u00a0 \u00a0\u00a0 Mat\u011bj<\/p>\n<p>Jerman \u00a0\u00a0 Zden\u011bk<\/p>\n<p>Kiselica \u00a0\u00a0 Milan<\/p>\n<p>Krempa\u00a0\u00a0 Martin<\/p>\n<p>K\u0159\u00ed\u017e\u00a0\u00a0\u00a0\u00a0\u00a0\u00a0\u00a0 \u00a0 Ond\u0159ej<\/p>\n<p>Manda \u00a0 Ladislav<\/p>\n<p>Manda \u00a0 Lubo\u0161<\/p>\n<p>Mart\u00ednek Pavel<\/p>\n<p>Novotn\u00fd\u00a0 Jan<\/p>\n<p>Podrou\u017eek Jan<\/p>\n<p>\u0160r\u00e1m\u00a0\u00a0\u00a0\u00a0 David<\/p>\n<p>Volf \u00a0\u00a0\u00a0\u00a0\u00a0 \u00a0\u00a0Martin \u00a0\u2013 limitovan\u00fd p\u0159estup P\u00edsek<\/p>\n<p>Tich\u00fd\u00a0\u00a0\u00a0\u00a0 \u00a0 Ond\u0159ej<\/p>\n<p>Weigner\u00a0 Luk\u00e1\u0161<\/p>\n","protected":false},"excerpt":{"rendered":"<p>K\u00a0posledn\u00edmu srpnov\u00e9mu dni byl uzav\u0159en term\u00edn pro p\u0159estupy a hostov\u00e1n\u00ed. Proto je na \u010dase sezn\u00e1mit v\u0161echny p\u0159\u00edznivce lib\u010dick\u00e9 h\u00e1zen\u00e9 se sestavou pro leto\u0161n\u00ed ro\u010dn\u00edk 2. ligy\u2026.<\/p>\n","protected":false},"author":3,"featured_media":0,"comment_status":"open","ping_status":"open","sticky":false,"template":"","format":"standard","meta":{"_monsterinsights_skip_tracking":false,"_monsterinsights_sitenote_active":false,"_monsterinsights_sitenote_note":"","_monsterinsights_sitenote_category":0,"jetpack_post_was_ever_published":false,"_jetpack_newsletter_access":"","_jetpack_dont_email_post_to_subs":false,"_jetpack_newsletter_tier_id":0,"_jetpack_memberships_contains_paywalled_content":false,"_jetpack_memberships_contains_paid_content":false,"footnotes":"","jetpack_publicize_message":"","jetpack_publicize_feature_enabled":true,"jetpack_social_post_already_shared":false,"jetpack_social_options":{"image_generator_settings":{"template":"highway","default_image_id":0,"font":"","enabled":false},"version":2}},"categories":[3,4],"tags":[25],"class_list":["post-1581","post","type-post","status-publish","format-standard","hentry","category-muzi","category-oddil","tag-priprava"],"aioseo_notices":[],"jetpack_publicize_connections":[],"jetpack_featured_media_url":"","jetpack_sharing_enabled":true,"jetpack_shortlink":"https:\/\/wp.me\/p5OFQA-pv","amp_enabled":true,"_links":{"self":[{"href":"https:\/\/www.sokollibcice.cz\/hazena\/wp-json\/wp\/v2\/posts\/1581","targetHints":{"allow":["GET"]}}],"collection":[{"href":"https:\/\/www.sokollibcice.cz\/hazena\/wp-json\/wp\/v2\/posts"}],"about":[{"href":"https:\/\/www.sokollibcice.cz\/hazena\/wp-json\/wp\/v2\/types\/post"}],"author":[{"embeddable":true,"href":"https:\/\/www.sokollibcice.cz\/hazena\/wp-json\/wp\/v2\/users\/3"}],"replies":[{"embeddable":true,"href":"https:\/\/www.sokollibcice.cz\/hazena\/wp-json\/wp\/v2\/comments?post=1581"}],"version-history":[{"count":0,"href":"https:\/\/www.sokollibcice.cz\/hazena\/wp-json\/wp\/v2\/posts\/1581\/revisions"}],"wp:attachment":[{"href":"https:\/\/www.sokollibcice.cz\/hazena\/wp-json\/wp\/v2\/media?parent=1581"}],"wp:term":[{"taxonomy":"category","embeddable":true,"href":"https:\/\/www.sokollibcice.cz\/hazena\/wp-json\/wp\/v2\/categories?post=1581"},{"taxonomy":"post_tag","embeddable":true,"href":"https:\/\/www.sokollibcice.cz\/hazena\/wp-json\/wp\/v2\/tags?post=1581"}],"curies":[{"name":"wp","href":"https:\/\/api.w.org\/{rel}","templated":true}]}}