{"id":1005,"date":"2012-09-18T11:12:24","date_gmt":"2012-09-18T10:12:24","guid":{"rendered":"http:\/\/www.sokollibcice.cz\/wp\/?p=1005"},"modified":"2012-09-19T07:54:40","modified_gmt":"2012-09-19T06:54:40","slug":"cesky-pohar-po-velkem-dramatu-postupujeme-do-tretiho-kola","status":"publish","type":"post","link":"https:\/\/www.sokollibcice.cz\/hazena\/muzi\/cesky-pohar-po-velkem-dramatu-postupujeme-do-tretiho-kola\/","title":{"rendered":"\u010cesk\u00fd poh\u00e1r: Po velk\u00e9m dramatu postupujeme do t\u0159et\u00edho kola"},"content":{"rendered":"<p>Ve druh\u00e9m kole \u010cesk\u00e9ho poh\u00e1ru jsme zaj\u00ed\u017ed\u011bli do Mlad\u00e9 Boleslavi, kter\u00e1 je tak\u00e9 na\u0161\u00edm ligov\u00fdm soupe\u0159em. Byla to tedy z\u00e1rove\u0148 velk\u00e1 prov\u011brka na ligu, kter\u00e1 odstartuje ji\u017e p\u0159\u00ed\u0161t\u00ed t\u00fdden. Dom\u00e1c\u00ed byli m\u00edrn\u00fdm favoritem, proto\u017ee sv\u00e9 dom\u00e1c\u00ed z\u00e1pasy p\u0159\u00edli\u0161 neprohr\u00e1vaj\u00ed a v\u00a0lo\u0148sk\u00e9m ro\u010dn\u00edku skon\u010dili p\u0159ed Lib\u010dicemi.<\/p>\n<p><!--more--><\/p>\n<p>Do Boleslavi jsme dorazili v\u00a0siln\u00e9 sestav\u011b 13 hr\u00e1\u010d\u016f a to pouze potvrzuje, \u017ee \u010cesk\u00fd poh\u00e1r bereme velmi v\u00e1\u017en\u011b. Jedn\u00edm z\u00a0p\u0159edsezonn\u00edch c\u00edl\u016f od veden\u00ed odd\u00edlu byl postup do 3. kola \u010cesk\u00e9ho poh\u00e1ru a pak p\u0159\u00e1n\u00ed utkat se v\u00a0B\u0159v\u00edch s\u00a0p\u0159edn\u00edm t\u00fdmem extraligy.<\/p>\n<p>Dom\u00e1c\u00ed vstoupili do utk\u00e1n\u00ed velmi aktivn\u011b a p\u0159edev\u0161\u00edm jejich rychlost a hra 1 na 1 n\u00e1m d\u011blala velk\u00e9 probl\u00e9my. Na\u0161t\u011bst\u00ed se da\u0159ilo v\u00a0\u00fatoku d\u00e1vat branky ze st\u0159edn\u00ed vzd\u00e1lenosti. D\u011blov\u00e9 koule vys\u00edlal p\u0159edev\u0161\u00edm Luk\u00e1\u0161 Weigner, kter\u00fd prok\u00e1zal, jak dok\u00e1\u017ee b\u00fdt obrovsky platn\u00fd v\u00a0nevd\u011b\u010dn\u00e9 pozici spojky p\u0159es ruku.\u00a0 \u00a0V\u00a010.minut\u011b byl tak stav vyrovnan\u00fd 5:5. Na aktivitu dom\u00e1c\u00edch jsme museli reagovat pos\u00edlen\u00edm obrany o zku\u0161en\u00e9ho obran\u00e1\u0159e L\u00e1du Mandu a tak\u00e9 p\u00edseck\u00fd Venca\u00a0 Hora vyztu\u017eil skv\u011ble zadn\u00ed \u0159ady. Po zbytek polo\u010dasu se dom\u00e1c\u00ed velmi t\u011b\u017eko prosazovali a n\u00e1m vych\u00e1zelo \u00fapln\u011b v\u0161echno a ka\u017ed\u00e1 r\u00e1na kon\u010dila v\u00a0brance. P\u0159ed koncem polo\u010dasu je\u0161t\u011b dom\u00e1c\u00ed Homolka skv\u011blou st\u0159elou ze z\u00e1v\u011bre\u010dn\u00e9 dev\u00edtky sn\u00ed\u017eil, ale pouze na stav 10:16.<\/p>\n<p>Nic nenasv\u011bd\u010dovalo tomu, \u017ee by se pr\u016fb\u011bh m\u011bl v\u00a0druh\u00e9m polo\u010dasu zm\u011bnit. Prvn\u00edch p\u011bt minut se t\u00fdmy st\u0159\u00eddali ve sk\u00f3rov\u00e1n\u00ed, ale na\u0161e obrana za\u010dala b\u00fdt m\u00e9n\u011b aktivn\u00ed a to pro n\u00e1s m\u011bl b\u00fdt varovn\u00fd sign\u00e1l toho, co se na n\u00e1s v\u00a0nejbli\u017e\u0161\u00edch minut\u00e1ch bude \u0159\u00edtit. Je\u0161t\u011b za stavu 19:13 neprom\u011bnil Mat\u011bj Hyke\u0161 trh\u00e1k a m\u00edsto sedmibrankov\u00e9ho n\u00e1skoku to bylo b\u011bhem dvou minut pouze o dv\u011b branky a dom\u00e1c\u00ed byli v\u00a0z\u00e1pase a poprv\u00e9 uc\u00edtili \u0161anci, \u017ee mohou v\u00a0utk\u00e1n\u00ed zv\u00edt\u011bzit. Ve 44. minut\u011b neprom\u011bnil dom\u00e1c\u00ed V\u00e1\u0148a trh\u00e1k, kter\u00fdm by srovnal stav utk\u00e1n\u00ed na 21:21. Op\u011bt jsme trochu o\u017eili a hlavn\u011b zlep\u0161ili a p\u0159itvrdili obranu. Zv\u00fd\u0161ili jsme na 23:20 a promarnili dv\u011b 100% \u0161ance, kter\u00e9 by znamenaly jist\u00e9 v\u00edt\u011bzstv\u00ed. Dom\u00e1c\u00edm jsme tedy dovolili dostat se op\u011bt do utk\u00e1n\u00ed a v\u00a058. minut\u011b to byla rem\u00edza 24:24. V\u00a0n\u00e1sleduj\u00edc\u00edm \u00fatoku jsme si do\u0161li pro sedmi\u010dku, na kterou se postavil Ondra Tich\u00fd. Do t\u00e9 doby to m\u011bl p\u011bt\/p\u011bt, ale p\u0159i t\u00e9 nejd\u016fle\u017eit\u011bj\u0161\u00ed trefil brank\u00e1\u0159e p\u0159\u00edmo do obli\u010deje a n\u00e1sledovala \u010derven\u00e1 karta, dvojminutov\u00fd trest a ztr\u00e1ta bal\u00f3nu. Dom\u00e1c\u00ed tak do konce utk\u00e1n\u00ed hr\u00e1li v\u00a0po\u010detn\u00ed p\u0159evaze, kterou nakonec promrhali stejn\u011b lehkov\u00e1\u017en\u011b jako mi n\u00e1\u0161 n\u00e1skok. Nejprve neprom\u011bnili st\u0159elu z\u00a0lev\u00e9ho k\u0159\u00eddla, ale m\u00ed\u010d m\u011bli st\u00e1le v\u00a0dr\u017een\u00ed. N\u00e1sledn\u011b se ov\u0161em poda\u0159ilo uko\u0159istit chybnou p\u0159ihr\u00e1vku a rychl\u00fd proti\u00fatok prom\u011bnil Venca Hora. Dom\u00e1c\u00ed m\u011bli je\u0161t\u011b \u010das dostat utk\u00e1n\u00ed do prodlou\u017een\u00ed, ale ukvapenou st\u0159elu dom\u00e1c\u00edho Homolky jsem jistil do tepl\u00fdch a po time-outu jsme posledn\u00edch 15 vte\u0159in uv\u00e1leli a postoupili do 3. kola \u010cesk\u00e9ho poh\u00e1ru, kde na dom\u00e1c\u00ed p\u016fd\u011b doufejme, uv\u00edt\u00e1me co nejatraktivn\u011bj\u0161\u00ed t\u00fdm z\u00a0extraligy.<\/p>\n<p>Porazit Boleslav na jej\u00ed p\u016fd\u011b je jist\u011b velk\u00fd \u00fasp\u011bch, ale sezona teprve za\u010d\u00edn\u00e1 a zav\u00e1h\u00e1n\u00ed z\u00a0druh\u00e9ho polo\u010dasu n\u00e1s m\u016f\u017ee jindy velmi mrzet. Nyn\u00ed jsme to se \u0161t\u011bst\u00edm zvl\u00e1dli, ale to nebude pravidlem. Ve st\u0159edu n\u00e1s \u010dek\u00e1 p\u0159\u00edpravn\u00fd z\u00e1pas se\u00a0Sokolem Vr\u0161ovice, kter\u00fd p\u0159estoupil do druh\u00e9 ligov\u00e9 skupiny. V\u00a0ned\u011bli n\u00e1s ji\u017e \u010dek\u00e1 prvn\u00ed ligov\u00fd duel a to se \u017datcem, na jeho\u017e p\u016fd\u011b jsme museli p\u0159ekousnout nejhor\u0161\u00ed lo\u0148skou por\u00e1\u017eku. M\u00e1me mu tedy co vracet\u2026<\/p>\n<p>Statistiky z\u00a0utk\u00e1n\u00ed zde: http:\/\/www.muzi.chf.cz\/match_report.aspx?id=19920&amp;cmpid=64<\/p>\n<p>Koment\u00e1\u0159 soupe\u0159e zde: http:\/\/www.hazena-hctjasmb.cz\/HC-TJ-AS-Ml-Boleslav-TJ-Sokol-Libcice-nad-Vltavou-2425-1016.html<\/p>\n","protected":false},"excerpt":{"rendered":"<p>Ve druh\u00e9m kole \u010cesk\u00e9ho poh\u00e1ru jsme zaj\u00ed\u017ed\u011bli do Mlad\u00e9 Boleslavi, kter\u00e1 je tak\u00e9 na\u0161\u00edm ligov\u00fdm soupe\u0159em. Byla to tedy z\u00e1rove\u0148 velk\u00e1 prov\u011brka na ligu, kter\u00e1 odstartuje ji\u017e p\u0159\u00ed\u0161t\u00ed t\u00fdden. Dom\u00e1c\u00ed byli m\u00edrn\u00fdm favoritem, proto\u017ee sv\u00e9 dom\u00e1c\u00ed z\u00e1pasy p\u0159\u00edli\u0161 neprohr\u00e1vaj\u00ed a v\u00a0lo\u0148sk\u00e9m ro\u010dn\u00edku skon\u010dili p\u0159ed Lib\u010dicemi.<\/p>\n","protected":false},"author":3,"featured_media":0,"comment_status":"open","ping_status":"open","sticky":false,"template":"","format":"standard","meta":{"_monsterinsights_skip_tracking":false,"_monsterinsights_sitenote_active":false,"_monsterinsights_sitenote_note":"","_monsterinsights_sitenote_category":0,"jetpack_post_was_ever_published":false,"_jetpack_newsletter_access":"","_jetpack_dont_email_post_to_subs":false,"_jetpack_newsletter_tier_id":0,"_jetpack_memberships_contains_paywalled_content":false,"_jetpack_memberships_contains_paid_content":false,"footnotes":"","jetpack_publicize_message":"","jetpack_publicize_feature_enabled":true,"jetpack_social_post_already_shared":false,"jetpack_social_options":{"image_generator_settings":{"template":"highway","default_image_id":0,"font":"","enabled":false},"version":2}},"categories":[3],"tags":[15,17],"class_list":["post-1005","post","type-post","status-publish","format-standard","hentry","category-muzi","tag-pohar","tag-report"],"aioseo_notices":[],"jetpack_publicize_connections":[],"jetpack_featured_media_url":"","jetpack_sharing_enabled":true,"jetpack_shortlink":"https:\/\/wp.me\/p5OFQA-gd","amp_enabled":true,"_links":{"self":[{"href":"https:\/\/www.sokollibcice.cz\/hazena\/wp-json\/wp\/v2\/posts\/1005","targetHints":{"allow":["GET"]}}],"collection":[{"href":"https:\/\/www.sokollibcice.cz\/hazena\/wp-json\/wp\/v2\/posts"}],"about":[{"href":"https:\/\/www.sokollibcice.cz\/hazena\/wp-json\/wp\/v2\/types\/post"}],"author":[{"embeddable":true,"href":"https:\/\/www.sokollibcice.cz\/hazena\/wp-json\/wp\/v2\/users\/3"}],"replies":[{"embeddable":true,"href":"https:\/\/www.sokollibcice.cz\/hazena\/wp-json\/wp\/v2\/comments?post=1005"}],"version-history":[{"count":0,"href":"https:\/\/www.sokollibcice.cz\/hazena\/wp-json\/wp\/v2\/posts\/1005\/revisions"}],"wp:attachment":[{"href":"https:\/\/www.sokollibcice.cz\/hazena\/wp-json\/wp\/v2\/media?parent=1005"}],"wp:term":[{"taxonomy":"category","embeddable":true,"href":"https:\/\/www.sokollibcice.cz\/hazena\/wp-json\/wp\/v2\/categories?post=1005"},{"taxonomy":"post_tag","embeddable":true,"href":"https:\/\/www.sokollibcice.cz\/hazena\/wp-json\/wp\/v2\/tags?post=1005"}],"curies":[{"name":"wp","href":"https:\/\/api.w.org\/{rel}","templated":true}]}}